{"id":5070,"date":"2015-09-08T11:36:12","date_gmt":"2015-09-08T10:36:12","guid":{"rendered":"http:\/\/rcomanche.com\/?p=2910"},"modified":"2019-09-20T15:36:35","modified_gmt":"2019-09-20T15:36:35","slug":"fira-de-valladolid-2","status":"publish","type":"post","link":"https:\/\/rcomanche.com\/ca\/feria-de-valladolid-2\/","title":{"rendered":"Fira de Valladolid"},"content":{"rendered":"<p>Al setembre, com cada any, Comanche \u00e9s present a la <a href=\"http:\/\/feriamuestrasvalladolid.com\/\" target=\"_blank\" rel=\"noopener\">Fira de Valladolid<\/a>.<\/p>\n<p>Des del dia 5 de Setembre i fins el proper diumenge 13, podeu trobar l&#039;exposici\u00f3 m\u00e9s completa de Comanche al recinte Firal val\u00b7lisolet\u00e0.<\/p>\n<p>Tamb\u00e9 podr\u00e0s contactar amb el nostre distribu\u00efdor nou <a href=\"http:\/\/www.caravanasvalladolid.com\/outlet%20comanche.htm\" target=\"_blank\" rel=\"noopener\">CARAVANES VALLADOLID<\/a><\/p>\n<p>Vine al Sal\u00f3 i troba el teu model. R\u00e0pid que volen!!!<\/p>\n<p>&nbsp;<\/p>","protected":false},"excerpt":{"rendered":"<p>Al setembre, com cada any, Comanche \u00e9s present a la Fira de Valladolid. Des del dia 5 de Setembre i fins el proper diumenge 13, podeu trobar l&#039;exposici\u00f3 m\u00e9s completa de Comanche al recinte Firal val\u00b7lisolet\u00e0. Tamb\u00e9 podr\u00e0s contactar amb el nostre nou distribu\u00efdor\u2026<\/p>","protected":false},"author":2,"featured_media":0,"comment_status":"closed","ping_status":"closed","sticky":false,"template":"","format":"standard","meta":{"footnotes":""},"categories":[24],"tags":[],"class_list":["post-5070","post","type-post","status-publish","format-standard","hentry","category-remolques-camping"],"_links":{"self":[{"href":"https:\/\/rcomanche.com\/ca\/wp-json\/wp\/v2\/posts\/5070","targetHints":{"allow":["GET"]}}],"collection":[{"href":"https:\/\/rcomanche.com\/ca\/wp-json\/wp\/v2\/posts"}],"about":[{"href":"https:\/\/rcomanche.com\/ca\/wp-json\/wp\/v2\/types\/post"}],"author":[{"embeddable":true,"href":"https:\/\/rcomanche.com\/ca\/wp-json\/wp\/v2\/users\/2"}],"replies":[{"embeddable":true,"href":"https:\/\/rcomanche.com\/ca\/wp-json\/wp\/v2\/comments?post=5070"}],"version-history":[{"count":0,"href":"https:\/\/rcomanche.com\/ca\/wp-json\/wp\/v2\/posts\/5070\/revisions"}],"wp:attachment":[{"href":"https:\/\/rcomanche.com\/ca\/wp-json\/wp\/v2\/media?parent=5070"}],"wp:term":[{"taxonomy":"category","embeddable":true,"href":"https:\/\/rcomanche.com\/ca\/wp-json\/wp\/v2\/categories?post=5070"},{"taxonomy":"post_tag","embeddable":true,"href":"https:\/\/rcomanche.com\/ca\/wp-json\/wp\/v2\/tags?post=5070"}],"curies":[{"name":"wp","href":"https:\/\/api.w.org\/{rel}","templated":true}]}}