{"id":8499,"date":"2019-07-11T07:59:54","date_gmt":"2019-07-11T07:59:54","guid":{"rendered":"http:\/\/rcomanche.com\/?p=8499"},"modified":"2019-09-20T14:32:05","modified_gmt":"2019-09-20T14:32:05","slug":"miralls-remolc-els-tens-els-necessites","status":"publish","type":"post","link":"https:\/\/rcomanche.com\/ca\/espejos-remolque-los-tienes-los-necesitas\/","title":{"rendered":"Miralls de remolc \u2013 Els tens? Els necessites?"},"content":{"rendered":"<p>&nbsp;<\/p>\n<p><img fetchpriority=\"high\" decoding=\"async\" class=\"wp-image-8500 size-full alignleft\" src=\"http:\/\/rcomanche.com\/wp-content\/uploads\/2019\/07\/espejos-de-remolques.jpg\" alt=\"miralls de remolcs\" width=\"604\" height=\"275\" srcset=\"https:\/\/rcomanche.com\/wp-content\/uploads\/2019\/07\/espejos-de-remolques.jpg 604w, https:\/\/rcomanche.com\/wp-content\/uploads\/2019\/07\/espejos-de-remolques-300x137.jpg 300w\" sizes=\"(max-width: 604px) 100vw, 604px\" \/><\/p>\n<p>Quan remolques una caravana o qualsevol altre remolc que sigui m\u00e9s ample que la part del darrere del teu vehicle, \u00e9s un requisit legal que instal\u00b7lis <strong>miralls de remolc<\/strong> addicionals.<\/p>\n<p>Segurament has sentit la frase \u00abSi no em pots veure al mirall, llavors jo no et puc veure\u00bb.  Si no pots veure els miralls darrere del teu remolc, aleshores necessites miralls addicionals.<\/p>\n<p>Per\u00f2 quin retrovisor \u00e9s el que necessites? Pl\u00e0nol o convex? I quina \u00e9s la difer\u00e8ncia entre ells?<\/p>\n<p>A l&#039;article d&#039;avui, aclarim tots els dubtes que puguis tenir sobre els <strong>retrovisors que necessites en portar un remolc<\/strong>.<\/p>\n<p>&nbsp;<\/p>\n<h3><span style=\"color: #96a200;\"><strong>Quan necessites miralls de remolc?<\/strong>\u00a0<\/span><\/h3>\n<p>Tal com ja t&#039;hem avan\u00e7at, quan portes una caravana o un remolc i la seva amplada \u00e9s m\u00e9s gran a l&#039;amplada del teu cotxe, <strong>necessitar\u00e0s els retrovisors de remolc<\/strong>.<\/p>\n<p>Com una guia molt simple, observa la part del darrere del teu cotxe (amb un remolc enganxat). Veus allunyant-te fins que deixis de veure els miralls que sobresurten de l&#039;autom\u00f2bil. Aix\u00f2 \u00e9s el lluny que veur\u00e0s amb els teus miralls.<\/p>\n<p>Si de seguida perds de vista els retrovisors de cotxe, has d&#039;instal\u00b7lar els miralls de remolc addicionals per ampliar el camp de visi\u00f3 mentre condueixes.<\/p>\n<p>Tot i aix\u00f2, quan et poses a buscar uns retrovisors per al teu remolc comencen a sorgir dubtes nous:<\/p>\n<ul>\n<li style=\"color: #000000; font-size: 18px; font-family: 'Raleway', sans-serif; line-height: 1.5; margin: 0 0 1% 5%; text-transform: initial;\">Qu\u00e8 \u00e9s aix\u00f2 de miralls plans i convexos?<\/li>\n<li style=\"color: #000000; font-size: 18px; font-family: 'Raleway', sans-serif; line-height: 1.5; margin: 0 0 1% 5%; text-transform: initial;\">Quin \u00e9s l&#039;adequat per al remolc?<\/li>\n<li style=\"color: #000000; font-size: 18px; font-family: 'Raleway', sans-serif; line-height: 1.5; margin: 0 0 1% 5%; text-transform: initial;\">Quina dist\u00e0ncia haurien d&#039;assolir els miralls?<\/li>\n<li style=\"color: #000000; font-size: 18px; font-family: 'Raleway', sans-serif; line-height: 1.5; margin: 0 0 1% 5%; text-transform: initial;\">Etc, etc, etc.<\/li>\n<\/ul>\n<p>Nosaltres ens hem fet les mateixes preguntes i aix\u00f2 \u00e9s el que hem esbrinat.<\/p>\n<p>&nbsp;<\/p>\n<h3><span style=\"color: #96a200;\"><strong>Miralls plans o convexos per al teu remolc?<\/strong><\/span><\/h3>\n<p><a href=\"https:\/\/tiendaonline.rcomanche.com\/es\/retrovisores-y-protectores-de-retrovisor\/743-espejo-plano-aero-1-unidad-5060101831601.html\" target=\"_blank\" rel=\"noopener noreferrer\"><strong><img decoding=\"async\" class=\"size-medium wp-image-8501 alignleft\" src=\"http:\/\/rcomanche.com\/wp-content\/uploads\/2019\/07\/61SXQRlFQ0L._SX425_-300x300.jpg\" alt=\"mirall pla concau\" width=\"300\" height=\"300\" srcset=\"https:\/\/rcomanche.com\/wp-content\/uploads\/2019\/07\/61SXQRlFQ0L._SX425_-300x300.jpg 300w, https:\/\/rcomanche.com\/wp-content\/uploads\/2019\/07\/61SXQRlFQ0L._SX425_-150x150.jpg 150w, https:\/\/rcomanche.com\/wp-content\/uploads\/2019\/07\/61SXQRlFQ0L._SX425_.jpg 425w\" sizes=\"(max-width: 300px) 100vw, 300px\" \/><\/strong><\/a><\/p>\n<p>&nbsp;<\/p>\n<p><a href=\"https:\/\/tiendaonline.rcomanche.com\/es\/retrovisores-y-protectores-de-retrovisor\/743-espejo-plano-aero-1-unidad-5060101831601.html\" target=\"_blank\" rel=\"noopener noreferrer\"><strong><span style=\"color: #96a200;\">Mirall pla (tamb\u00e9 anomenat c\u00f2ncau)<\/span><\/strong><\/a> \u00e9s un mirall que posseeix una superf\u00edcie reflectant corbada cap a dins.<\/p>\n<p>Gr\u00e0cies a aix\u00f2 mostra la <strong>imatge augmentada<\/strong> i els objectes que hi veus et semblen m\u00e9s propers.<\/p>\n<p>Generalment aquest tipus de miralls s&#039;utilitza als <strong>telescopis<\/strong> (per apropar-nos la imatge) o en un simple <strong>mirall de maquillatge<\/strong>.<\/p>\n<p><strong>\u00a0<\/strong><\/p>\n<p><a href=\"https:\/\/tiendaonline.rcomanche.com\/es\/retrovisores-y-protectores-de-retrovisor\/744-espejo-plano-aero-1-unidad-5060101831847.html\" target=\"_blank\" rel=\"noopener noreferrer\"><strong><img decoding=\"async\" class=\"wp-image-8504 size-medium alignleft\" src=\"http:\/\/rcomanche.com\/wp-content\/uploads\/2019\/07\/espejo-convexo-300x300.jpg\" alt=\"mirall convex\" width=\"300\" height=\"300\" srcset=\"https:\/\/rcomanche.com\/wp-content\/uploads\/2019\/07\/espejo-convexo-300x300.jpg 300w, https:\/\/rcomanche.com\/wp-content\/uploads\/2019\/07\/espejo-convexo-150x150.jpg 150w, https:\/\/rcomanche.com\/wp-content\/uploads\/2019\/07\/espejo-convexo.jpg 500w\" sizes=\"(max-width: 300px) 100vw, 300px\" \/><\/strong><\/a><\/p>\n<p>&nbsp;<\/p>\n<p>&nbsp;<\/p>\n<p><a href=\"https:\/\/tiendaonline.rcomanche.com\/es\/retrovisores-y-protectores-de-retrovisor\/744-espejo-plano-aero-1-unidad-5060101831847.html\" target=\"_blank\" rel=\"noopener noreferrer\"><strong><span style=\"color: #96a200;\">Miralls convexos<\/span><\/strong><\/a> en canvi tenen una superf\u00edcie reflectant corbada cap a fora.<\/p>\n<p>Gr\u00e0cies a aix\u00f2 allunyen la imatge que mostren i permeten <strong>ampliar el teu camp de visi\u00f3<\/strong>.<\/p>\n<p>Segurament has vist als retrovisors del teu cotxe la frase: \u201c<strong>els objectes estan m\u00e9s a prop del que aparenten<\/strong>\u201d. \u00c9s perqu\u00e8 tens els miralls convexos. Aquests allunyen els objectes mostrats perqu\u00e8 puguis veure una imatge m\u00e9s \u00e0mplia del que passa darrere teu.<\/p>\n<p>Aquests miralls els haur\u00e0s vist tamb\u00e9 a les cantonades d&#039;alguns establiments com hospitals oa les <strong>cantonades dels carrers amb poca visibilitat<\/strong>. S&#039;hi col\u00b7loquen per ajudar els conductors a veure si s&#039;acosta algun cotxe pel carrer que no veus.<\/p>\n<p>Retrovisors de remolcs es fabriquen tant plans com convexos, per\u00f2 <strong>els convexos gaudeixen de m\u00e9s popularitat<\/strong>. En permetre ampliar el teu camp de visi\u00f3, <strong>et donen m\u00e9s seguretat i informaci\u00f3 a l&#039;hora de qualsevol imprevist<\/strong>.<\/p>\n<p><strong>\u00a0<\/strong><\/p>\n<h3><span style=\"color: #96a200;\"><strong>Quin retrovisor \u00e9s adequat per al teu remolc?<\/strong><\/span><\/h3>\n<p>Ja saps si escollir el mirall de remolc pla o convex, per\u00f2 n&#039;hi ha tants al mercat que \u00e9s dif\u00edcil saber quin \u00e9s el millor per al teu model de cotxe\/remolc.<\/p>\n<p>&nbsp;<\/p>\n<p><a href=\"https:\/\/tiendaonline.rcomanche.com\/es\/162-retrovisores-y-protectores-de-retrovisor\" target=\"_blank\" rel=\"noopener noreferrer\"><img loading=\"lazy\" decoding=\"async\" class=\"wp-image-8507 size-full aligncenter\" src=\"http:\/\/rcomanche.com\/wp-content\/uploads\/2019\/07\/002_161129_133219_a9155f63c9481decd720fe4654ee0d31.jpg\" alt=\"retrovisors de remolc\" width=\"600\" height=\"450\" srcset=\"https:\/\/rcomanche.com\/wp-content\/uploads\/2019\/07\/002_161129_133219_a9155f63c9481decd720fe4654ee0d31.jpg 600w, https:\/\/rcomanche.com\/wp-content\/uploads\/2019\/07\/002_161129_133219_a9155f63c9481decd720fe4654ee0d31-300x225.jpg 300w\" sizes=\"(max-width: 600px) 100vw, 600px\" \/><\/a><\/p>\n<p>&nbsp;<\/p>\n<p>A COMANCHE hem provat quantitat de retrovisors i al final ens hem decantat pels miralls Milenco AERO. Per qu\u00e8?<\/p>\n<ul>\n<li style=\"color: #000000; font-size: 18px; font-family: 'Raleway', sans-serif; line-height: 1.5; margin: 0 0 1% 5%; text-transform: initial;\">La gamma de miralls Aero est\u00e0 millorant cont\u00ednuament al llarg dels anys i s&#039;ha modificat per adaptar-los a tots els nous vehicles a mesura que es llancen. <strong>Actualment s&#039;adapten a tots els cotxes<\/strong>, 4\u00d74 i furgonetes produ\u00efdes des de 1995.<\/li>\n<li style=\"color: #000000; font-size: 18px; font-family: 'Raleway', sans-serif; line-height: 1.5; margin: 0 0 1% 5%; text-transform: initial;\">En difer\u00e8ncia d&#039;altres miralls que s&#039;instal\u00b7len mitjan\u00e7ant unes gomes (que amb el temps es desgasten), als miralls Aero, <strong>els cargols de subjecci\u00f3 s\u00f3n d&#039;acer inoxidable<\/strong>. Giren en insercions de llaut\u00f3, que mai es corroeixen, malgrat la pluja o neu.<\/li>\n<\/ul>\n<p>&nbsp;<\/p>\n<p><img loading=\"lazy\" decoding=\"async\" class=\"wp-image-8508 aligncenter\" src=\"http:\/\/rcomanche.com\/wp-content\/uploads\/2019\/07\/010-300x225.jpg\" alt=\"cargols de subjecci\u00f3 miralls de remolc\" width=\"500\" height=\"375\" srcset=\"https:\/\/rcomanche.com\/wp-content\/uploads\/2019\/07\/010-300x225.jpg 300w, https:\/\/rcomanche.com\/wp-content\/uploads\/2019\/07\/010-768x576.jpg 768w, https:\/\/rcomanche.com\/wp-content\/uploads\/2019\/07\/010-1365x1024.jpg 1365w, https:\/\/rcomanche.com\/wp-content\/uploads\/2019\/07\/010.jpg 1800w\" sizes=\"(max-width: 500px) 100vw, 500px\" \/><\/p>\n<p>&nbsp;<\/p>\n<ul>\n<li style=\"color: #000000; font-size: 18px; font-family: 'Raleway', sans-serif; line-height: 1.5; margin: 0 0 1% 5%; text-transform: initial;\">La seva <strong>muntatge \u00e9s molt f\u00e0cil<\/strong>. Simplement ho cargolles al teu mirall de cotxe (mira el v\u00eddeo m\u00e9s avall),<\/li>\n<li style=\"color: #000000; font-size: 18px; font-family: 'Raleway', sans-serif; line-height: 1.5; margin: 0 0 1% 5%; text-transform: initial;\">Estan equipats amb <strong>vidre de seguretat de crom, que no es decolorar\u00e0 amb el temps<\/strong>. Gr\u00e0cies a aix\u00f2 \u00e9s un producte de llarga durabilitat.<\/li>\n<li style=\"color: #000000; font-size: 18px; font-family: 'Raleway', sans-serif; line-height: 1.5; margin: 0 0 1% 5%; text-transform: initial;\">Tots els miralls Aero tenen <strong>la marca \u201cE\u201d<\/strong>, el que significa que compleixen amb la m\u00e9s actual legislaci\u00f3 europea de seguretat. \u00c9s molt important que t&#039;hi fixis quan compres un retrovisor de remolc.<\/li>\n<li style=\"color: #000000; font-size: 18px; font-family: 'Raleway', sans-serif; line-height: 1.5; margin: 0 0 1% 5%; text-transform: initial;\">Ofereixen una visi\u00f3 superior i una <strong>vista lliure de vibracions<\/strong> lluny del teu remolc.<\/li>\n<li style=\"color: #000000; font-size: 18px; font-family: 'Raleway', sans-serif; line-height: 1.5; margin: 0 0 1% 5%; text-transform: initial;\">Al Grand Aero, el cap \u00e9s el m\u00e9s gran mai utilitzat en un mirall de remolc. Ha estat dissenyada per permetre&#039;t veure la part superior i inferior del teu remolc. Gr\u00e0cies a aix\u00f2 pots <strong>evitar obstacles d&#039;alt nivell, com ara senyals de tr\u00e0nsit o arbres<\/strong> que poden fer malb\u00e9 el teu remolc.<\/li>\n<li style=\"color: #000000; font-size: 18px; font-family: 'Raleway', sans-serif; line-height: 1.5; margin: 0 0 1% 5%; text-transform: initial;\">S\u00f3n <strong>extremadament estables<\/strong>. Tenen una forma que et permet veure molt m\u00e9s enll\u00e0 del teu remolc i autom\u00f2bils als tres carrils de l&#039;autopista.<\/li>\n<li style=\"color: #000000; font-size: 18px; font-family: 'Raleway', sans-serif; line-height: 1.5; margin: 0 0 1% 5%; text-transform: initial;\">Si no pots veure els teus miralls darrere del teu remolc, aleshores necessites miralls m\u00e9s amples. <span style=\"color: #96a200;\"><strong><a href=\"https:\/\/tiendaonline.rcomanche.com\/es\/retrovisores-y-protectores-de-retrovisor\/747-espejo-plano-aero-1-unidad-5060101832899.html\" target=\"_blank\" rel=\"noopener noreferrer\"><span style=\"color: #96a200;\">Hi ha bra\u00e7os extra amples<\/span><\/a><\/strong><\/span> per a combinacions de remolc estret\/ampli.<\/li>\n<\/ul>\n<p>Aqu\u00ed teniu el v\u00eddeo on podeu veure l&#039;estabilitat d&#039;aquests retrovisors durant el viatge:<\/p>\n<p>&nbsp;<\/p>\n<p style=\"text-align: center;\"><iframe title=\"Milenc Aero2.m4v\" width=\"1060\" height=\"596\" src=\"https:\/\/www.youtube.com\/embed\/cCXZJir1Zj0?feature=oembed\" frameborder=\"0\" allow=\"accelerometer; autoplay; encrypted-media; gyroscope; picture-in-picture\" allowfullscreen><\/iframe><\/p>\n<p>&nbsp;<\/p>\n<h3><span style=\"color: #96a200;\"><strong>I qu\u00e8 diu la llei sobre els retrovisors de remolc?<\/strong><\/span><\/h3>\n<p>&nbsp;<\/p>\n<ul>\n<li style=\"color: #000000; font-size: 18px; font-family: 'Raleway', sans-serif; line-height: 1.5; margin: 0 0 1% 5%; text-transform: initial;\">Tots els miralls han de tenir la <strong>marca E<\/strong> que garanteix el compliment de la darrera legislaci\u00f3 europea de seguretat<\/li>\n<li style=\"color: #000000; font-size: 18px; font-family: 'Raleway', sans-serif; line-height: 1.5; margin: 0 0 1% 5%; text-transform: initial;\">A Europa<strong> has de poder veure 4m des de qualsevol costat de la teva caravana o remolc i 20 metres darrere teu<\/strong>. La manera m\u00e9s senzilla d&#039;assegurar-se que compleixes la llei \u00e9s assegurar-se que els teus miralls siguin m\u00e9s amples que la caravana\/remolc. Aix\u00ed que, si observes des de darrere de la caravana\/remolc, assegura&#039;t que tots dos miralls sobresurtin.<\/li>\n<li style=\"color: #000000; font-size: 18px; font-family: 'Raleway', sans-serif; line-height: 1.5; margin: 0 0 1% 5%; text-transform: initial;\">Als vehicles de remolc que compleixen amb la directiva 2003\/97 EC o venuts despr\u00e9s de gener de 2007, els miralls de remolc <strong>poden projectar 25 cm m\u00e9s que la part m\u00e9s ampla de la caravana\/remolc<\/strong>. Als vehicles de remolc anteriors a aquesta directiva, els miralls poden projectar 20 cms m\u00e9s enll\u00e0 de la part m\u00e9s ampla de la caravana\/remolc.<\/li>\n<li style=\"color: #000000; font-size: 18px; font-family: 'Raleway', sans-serif; line-height: 1.5; margin: 0 0 1% 5%; text-transform: initial;\">Des del 12 de desembre del 2005, \u00e9s un requisit legal que tinguis <strong>miralls homologats<\/strong> (amb marca electr\u00f2nica) a banda i banda del vehicle remolcador.<\/li>\n<\/ul>\n<p>&nbsp;<\/p>\n<p>Recorda, si el teu remoc o caravana s\u00f3n m\u00e9s amples que el teu cotxe, est\u00e0s obligat a col\u00b7locar els miralls de remolc. Amb tot all\u00f2 que t&#039;hem explicat, ja no ser\u00e0 tan dif\u00edcil escollir els adequats per al teu vehicle.<\/p>\n<h3><\/h3>\n<h4><span style=\"color: #96a200;\"><strong>Aix\u00ed que, abans de sortir a la carretera, fes un bon rep\u00e0s al cotxe i al remolc. Revisa els\u00a0 <a href=\"http:\/\/rcomanche.com\/ca\/?p=7282\" target=\"_blank\" rel=\"noopener noreferrer\">eixos<\/a>, els <a href=\"http:\/\/rcomanche.com\/ca\/?p=7927\" target=\"_blank\" rel=\"noopener noreferrer\">pilots<\/a> i les <a href=\"http:\/\/rcomanche.com\/ca\/?p=8325\" target=\"_blank\" rel=\"noopener noreferrer\">rodes<\/a>. I comprova si necessites instal\u00b7lar els retrovisors de remolc. <\/strong><\/span><\/h4>\n<h4><span style=\"color: #96a200;\"><strong>Et desitgem una carretera ampla!<\/strong><\/span><\/h4>\n<p>&nbsp;<\/p>","protected":false},"excerpt":{"rendered":"<p>&nbsp; Cuando remolcas una caravana o cualquier otro remolque que sea m\u00e1s ancho que la parte trasera de tu veh\u00edculo, es un requisito legal que instales espejos de remolque adicionales. Seguramente has o\u00eddo la frase \u00abSi no puedes verme en el espejo, entonces yo no&#8230;<\/p>","protected":false},"author":2,"featured_media":8500,"comment_status":"open","ping_status":"open","sticky":false,"template":"","format":"standard","meta":{"footnotes":""},"categories":[24,25,53,26],"tags":[],"class_list":["post-8499","post","type-post","status-publish","format-standard","has-post-thumbnail","hentry","category-remolques-camping","category-remolques-carga","category-remolques-especiales","category-remolques-moto"],"_links":{"self":[{"href":"https:\/\/rcomanche.com\/ca\/wp-json\/wp\/v2\/posts\/8499","targetHints":{"allow":["GET"]}}],"collection":[{"href":"https:\/\/rcomanche.com\/ca\/wp-json\/wp\/v2\/posts"}],"about":[{"href":"https:\/\/rcomanche.com\/ca\/wp-json\/wp\/v2\/types\/post"}],"author":[{"embeddable":true,"href":"https:\/\/rcomanche.com\/ca\/wp-json\/wp\/v2\/users\/2"}],"replies":[{"embeddable":true,"href":"https:\/\/rcomanche.com\/ca\/wp-json\/wp\/v2\/comments?post=8499"}],"version-history":[{"count":0,"href":"https:\/\/rcomanche.com\/ca\/wp-json\/wp\/v2\/posts\/8499\/revisions"}],"wp:featuredmedia":[{"embeddable":true,"href":"https:\/\/rcomanche.com\/ca\/wp-json\/wp\/v2\/media\/8500"}],"wp:attachment":[{"href":"https:\/\/rcomanche.com\/ca\/wp-json\/wp\/v2\/media?parent=8499"}],"wp:term":[{"taxonomy":"category","embeddable":true,"href":"https:\/\/rcomanche.com\/ca\/wp-json\/wp\/v2\/categories?post=8499"},{"taxonomy":"post_tag","embeddable":true,"href":"https:\/\/rcomanche.com\/ca\/wp-json\/wp\/v2\/tags?post=8499"}],"curies":[{"name":"wp","href":"https:\/\/api.w.org\/{rel}","templated":true}]}}