{"id":5053,"date":"2013-12-19T17:01:55","date_gmt":"2013-12-19T16:01:55","guid":{"rendered":"http:\/\/rcomanche.com\/?p=2459"},"modified":"2019-09-20T15:42:09","modified_gmt":"2019-09-20T15:42:09","slug":"es-ist-weihnachten-lasst-uns-den-karneval-vorbereiten","status":"publish","type":"post","link":"https:\/\/rcomanche.com\/de\/es-navidad-preparemos-el-carnaval\/","title":{"rendered":"Es ist Weihnachten... Bereiten wir den Karneval vor!!"},"content":{"rendered":"<p>Wieder einmal r\u00fcckt die Saison des Karnevals R\u00faas n\u00e4her (ja, ja, es sind nur noch 2 Monate...) und welcher Zeitpunkt w\u00e4re besser geeignet, sich f\u00fcr den Bau eines neuen Umzugswagens zu entscheiden <strong>Bester Vergleich.<\/strong><\/p>\n<p>Wenn Sie daran interessiert sind, Ihre Karnevalswagen herzustellen, klicken Sie\u00a0<a href=\"http:\/\/rcomanche.com\/de\/kontakt\/\" target=\"_blank\" rel=\"noopener noreferrer\">Hier<\/a> und wir senden Ihnen die detailliertesten Informationen f\u00fcr Ihren Karnevalswagen<\/p>\n<p>&nbsp;<\/p>\n<div id=\"attachment_2458\" style=\"width: 715px\" class=\"wp-caption alignnone\"><a href=\"http:\/\/rcomanche.com\/de\/es-ist-weihnachten-lasst-uns-den-karneval-vorbereiten\/carrossa-elvendrell-011\/\" rel=\"attachment wp-att-2458\"><img fetchpriority=\"high\" decoding=\"async\" aria-describedby=\"caption-attachment-2458\" class=\"size-full wp-image-2458\" title=\"Karnevalswagen\" src=\"http:\/\/rcomanche.com\/wp-content\/uploads\/2013\/12\/Carrossa-ElVendrell-011.jpg\" alt=\"Karnevalstrailer\" width=\"705\" height=\"529\" \/><\/a><p id=\"caption-attachment-2458\" class=\"wp-caption-text\">Bestellen Sie jetzt Ihren Karnevalswagen<\/p><\/div>\n<p>&nbsp;<\/p>","protected":false},"excerpt":{"rendered":"<p>Un a\u00f1o m\u00e1s se acerca la \u00e9poca de las R\u00faas de Carnaval (s\u00ed, s\u00ed, s\u00f3lo quedan 2 meses&#8230;) y qu\u00e9 mejor momento para decidir hacer una carroza nueva para la Mejor Comparsa. Si est\u00e1is interesados en hacer vuestras carrozas de Carnaval, pinchad\u00a0aqu\u00ed y os enviaremos&#8230;<\/p>","protected":false},"author":2,"featured_media":0,"comment_status":"closed","ping_status":"closed","sticky":false,"template":"","format":"standard","meta":{"footnotes":""},"categories":[53],"tags":[],"class_list":["post-5053","post","type-post","status-publish","format-standard","hentry","category-remolques-especiales"],"_links":{"self":[{"href":"https:\/\/rcomanche.com\/de\/wp-json\/wp\/v2\/posts\/5053","targetHints":{"allow":["GET"]}}],"collection":[{"href":"https:\/\/rcomanche.com\/de\/wp-json\/wp\/v2\/posts"}],"about":[{"href":"https:\/\/rcomanche.com\/de\/wp-json\/wp\/v2\/types\/post"}],"author":[{"embeddable":true,"href":"https:\/\/rcomanche.com\/de\/wp-json\/wp\/v2\/users\/2"}],"replies":[{"embeddable":true,"href":"https:\/\/rcomanche.com\/de\/wp-json\/wp\/v2\/comments?post=5053"}],"version-history":[{"count":0,"href":"https:\/\/rcomanche.com\/de\/wp-json\/wp\/v2\/posts\/5053\/revisions"}],"wp:attachment":[{"href":"https:\/\/rcomanche.com\/de\/wp-json\/wp\/v2\/media?parent=5053"}],"wp:term":[{"taxonomy":"category","embeddable":true,"href":"https:\/\/rcomanche.com\/de\/wp-json\/wp\/v2\/categories?post=5053"},{"taxonomy":"post_tag","embeddable":true,"href":"https:\/\/rcomanche.com\/de\/wp-json\/wp\/v2\/tags?post=5053"}],"curies":[{"name":"wp","href":"https:\/\/api.w.org\/{rel}","templated":true}]}}