{"id":5085,"date":"2016-10-07T08:30:03","date_gmt":"2016-10-07T08:30:03","guid":{"rendered":"http:\/\/rcomanche.com\/?p=3604"},"modified":"2019-09-20T15:19:05","modified_gmt":"2019-09-20T15:19:05","slug":"caravaning-2016","status":"publish","type":"post","link":"https:\/\/rcomanche.com\/de\/caravaning-2016\/","title":{"rendered":"CARAVANING 2016"},"content":{"rendered":"<p>CARAVANING 2016 ist da.<\/p>\n<p>Vom 15. bis 23. Oktober feiern wir auf dem Messegel\u00e4nde von Barcelona die 32. Ausgabe des Caravaning.<\/p>\n<p>Und COMANCHE durfte diesen Termin nicht verpassen.<\/p>\n<p>Im Pavillon 4 des Veranstaltungsortes Firal de Gran Via werden alle COMANCHE-Modelle sowie saftige Neuheiten zu sehen sein, die Camper begeistern werden.<\/p>\n<p>Wenn Sie noch keine Tickets haben, k\u00f6nnen Sie an unserem Gewinnspiel teilnehmen. <a href=\"https:\/\/www.facebook.com\/espiritucomanche\/\" target=\"_blank\" rel=\"noopener\">Facebook<\/a> bei dem wir 10 Doppellose verlosen.<\/p>\n<p>Wir erwarten Sie auf der wichtigsten Caravaning-Messe in Spanien.<\/p>\n<div style=\"width: 330px\" class=\"wp-caption alignnone\"><img fetchpriority=\"high\" decoding=\"async\" class=\"\" src=\"http:\/\/www.saloncaravaning.com\/image\/image_gallery?uuid=43b7425d-e9d1-4de0-aaca-a1f89671ce91&amp;groupId=45799&amp;t=1475145070563\" width=\"320\" height=\"414\" \/><p class=\"wp-caption-text\">CARAVANING 2016<\/p><\/div>\n<p>&nbsp;<\/p>\n<p>&nbsp;<\/p>\n<p>&nbsp;<\/p>","protected":false},"excerpt":{"rendered":"<p>Ya est\u00e1 aqu\u00ed el CARAVANING 2016. Del 15 al 23 de Octubre en el recinto Ferial de Barcelona celebramos la 32\u00aa Edici\u00f3n del Caravaning. Y COMANCHE no pod\u00eda faltar a \u00e9sta cita. En el Pavell\u00f3n 4 del recinto Firal de Gran Via estar\u00e1n todos los&#8230;<\/p>","protected":false},"author":2,"featured_media":0,"comment_status":"open","ping_status":"open","sticky":false,"template":"","format":"standard","meta":{"footnotes":""},"categories":[24],"tags":[],"class_list":["post-5085","post","type-post","status-publish","format-standard","hentry","category-remolques-camping"],"_links":{"self":[{"href":"https:\/\/rcomanche.com\/de\/wp-json\/wp\/v2\/posts\/5085","targetHints":{"allow":["GET"]}}],"collection":[{"href":"https:\/\/rcomanche.com\/de\/wp-json\/wp\/v2\/posts"}],"about":[{"href":"https:\/\/rcomanche.com\/de\/wp-json\/wp\/v2\/types\/post"}],"author":[{"embeddable":true,"href":"https:\/\/rcomanche.com\/de\/wp-json\/wp\/v2\/users\/2"}],"replies":[{"embeddable":true,"href":"https:\/\/rcomanche.com\/de\/wp-json\/wp\/v2\/comments?post=5085"}],"version-history":[{"count":0,"href":"https:\/\/rcomanche.com\/de\/wp-json\/wp\/v2\/posts\/5085\/revisions"}],"wp:attachment":[{"href":"https:\/\/rcomanche.com\/de\/wp-json\/wp\/v2\/media?parent=5085"}],"wp:term":[{"taxonomy":"category","embeddable":true,"href":"https:\/\/rcomanche.com\/de\/wp-json\/wp\/v2\/categories?post=5085"},{"taxonomy":"post_tag","embeddable":true,"href":"https:\/\/rcomanche.com\/de\/wp-json\/wp\/v2\/tags?post=5085"}],"curies":[{"name":"wp","href":"https:\/\/api.w.org\/{rel}","templated":true}]}}