{"id":7443,"date":"2019-03-01T16:14:23","date_gmt":"2019-03-01T16:14:23","guid":{"rendered":"http:\/\/rcomanche.com\/?p=7443"},"modified":"2019-09-20T14:43:48","modified_gmt":"2019-09-20T14:43:48","slug":"messe-madrid-caravaning-16-24-marz-2019","status":"publish","type":"post","link":"https:\/\/rcomanche.com\/de\/feria-madrid-caravaning-16-24-marzo-2019\/","title":{"rendered":"Caravaning-Messe in Madrid \u2013 16.\u201324. M\u00e4rz 2019"},"content":{"rendered":"<p>&nbsp;<\/p>\n<p><img fetchpriority=\"high\" decoding=\"async\" class=\"size-full wp-image-7444 alignleft\" src=\"http:\/\/rcomanche.com\/wp-content\/uploads\/2019\/03\/madrid-caravaning-2019-comanche.jpg\" alt=\"Caravaning-Messe Madrid 2019 Comanche\" width=\"604\" height=\"275\" srcset=\"https:\/\/rcomanche.com\/wp-content\/uploads\/2019\/03\/madrid-caravaning-2019-comanche.jpg 604w, https:\/\/rcomanche.com\/wp-content\/uploads\/2019\/03\/madrid-caravaning-2019-comanche-300x137.jpg 300w\" sizes=\"(max-width: 604px) 100vw, 604px\" \/><\/p>\n<p>&nbsp;<\/p>\n<p>Der obligatorische Termin f\u00fcr einen Camper \u2013 <strong>Madrid Caravaning Fair 2019, 16. \u2013 24. M\u00e4rz, im INTU Xanad\u00fa.<\/strong><\/p>\n<p>Dieses Jahr ist der Fr\u00fchling fr\u00fch gekommen, 25 \u00b0C und volle Sonne im Februar. Das ist selbst im warmen Spanien nicht normal.<\/p>\n<p>Und nicht nur der Fr\u00fchling kommt fr\u00fch. Echte Camper denken wahrscheinlich schon \u00fcber Ihr n\u00e4chstes Abenteuer nach. Planung, Organisation und Camping!<\/p>\n<p>&nbsp;<\/p>\n<p><img decoding=\"async\" class=\"alignleft wp-image-7445\" src=\"http:\/\/rcomanche.com\/wp-content\/uploads\/2019\/03\/feria-caravaning-comanche01.jpg\" alt=\"Caravaning-Messe Madrid 2019 Comanche\" width=\"400\" height=\"225\" srcset=\"https:\/\/rcomanche.com\/wp-content\/uploads\/2019\/03\/feria-caravaning-comanche01.jpg 752w, https:\/\/rcomanche.com\/wp-content\/uploads\/2019\/03\/feria-caravaning-comanche01-300x169.jpg 300w\" sizes=\"(max-width: 400px) 100vw, 400px\" \/>Aber zuerst m\u00fcssen Sie einen verbindlichen Termin vereinbaren \u2013<strong><span style=\"color: #96a200;\"> <a href=\"https:\/\/areasdemadrid.com\/es\" target=\"_blank\" rel=\"noopener noreferrer\"><span style=\"color: #96a200;\">die Caravaning-Messe<\/span><\/a><\/span><\/strong> die vom 16. bis 24. M\u00e4rz im INTU Xanad\u00fa in Madrid stattfindet.<\/p>\n<p>Die ganze Woche \u00fcber trifft sich die Camper-Welt in der Hauptstadt, damit Sie dabei sein k\u00f6nnen <strong>Sehen, ber\u00fchren und probieren Sie pers\u00f6nlich alle neuen Funktionen der besten Marken aus<\/strong>.<\/p>\n<p>Wir werden nat\u00fcrlich auch dabei sein. Wir pr\u00e4sentieren Ihnen unsere <strong>neue Zeltanh\u00e4nger<\/strong> Montana Explorer und COMPACT. Sie waren schon gut, aber jetzt sind sie ausgezeichnet!<\/p>\n<p>Dar\u00fcber hinaus unterrichten wir Sie <strong>die neue und glamour\u00f6seste Campingk\u00fcche von COMANCHE<\/strong> Das wird der Neid aller Ihrer Campingnachbarn sein.<\/p>\n<p><img decoding=\"async\" class=\"alignright wp-image-7446\" src=\"http:\/\/rcomanche.com\/wp-content\/uploads\/2019\/03\/feria-caravaning-comanche02.jpg\" alt=\"Caravaning-Messe Madrid 2019 Comanche\" width=\"371\" height=\"278\" srcset=\"https:\/\/rcomanche.com\/wp-content\/uploads\/2019\/03\/feria-caravaning-comanche02.jpg 600w, https:\/\/rcomanche.com\/wp-content\/uploads\/2019\/03\/feria-caravaning-comanche02-300x225.jpg 300w\" sizes=\"(max-width: 371px) 100vw, 371px\" \/>Au\u00dferdem stellen wir Ihnen unser umfangreiches Zubeh\u00f6rsortiment vor, denn Sie wissen bereits, dass wir darin Experten sind.<\/p>\n<p>Sie k\u00f6nnen unter anderem sehen, <strong>das Wintervorzelt mit abnehmbaren W\u00e4nden<\/strong> der Montana-Reihe oder der <strong>Camper-Truhe<\/strong> zur Montage an der Deichsel Ihres Anh\u00e4ngers.<\/p>\n<p>Wir werden eine einrichten <strong>Zeltboden<\/strong> (der ber\u00fchmte Badewannenboden) und viele weitere Accessoires, die Ihnen Ideen f\u00fcr einen Luxusurlaub inmitten der Natur geben.<\/p>\n<p>&nbsp;<\/p>\n<h4><span style=\"color: #96a200;\"><strong>Notieren Sie sich also Datum und Ort \u2013 Madrid Caravaning Fair 2019, vom 16. bis 24. M\u00e4rz, im INTU Xanad\u00fa. Wir sehen uns dort!<\/strong><\/span><\/h4>\n<p>&nbsp;<\/p>","protected":false},"excerpt":{"rendered":"<p>&nbsp; &nbsp; La cita obligatoria para un campista &#8211; Feria Madrid Caravaning 2019, 16 \u2013 24 de marzo, en INTU Xanad\u00fa. Este a\u00f1o la primavera se ha adelantado, 25\u00baC y pleno sol en febrero. Esto no es normal ni siquiera en la c\u00e1lida Espa\u00f1a. Y&#8230;<\/p>","protected":false},"author":6,"featured_media":7444,"comment_status":"open","ping_status":"open","sticky":false,"template":"","format":"standard","meta":{"footnotes":""},"categories":[24,25,53,26],"tags":[],"class_list":["post-7443","post","type-post","status-publish","format-standard","has-post-thumbnail","hentry","category-remolques-camping","category-remolques-carga","category-remolques-especiales","category-remolques-moto"],"_links":{"self":[{"href":"https:\/\/rcomanche.com\/de\/wp-json\/wp\/v2\/posts\/7443","targetHints":{"allow":["GET"]}}],"collection":[{"href":"https:\/\/rcomanche.com\/de\/wp-json\/wp\/v2\/posts"}],"about":[{"href":"https:\/\/rcomanche.com\/de\/wp-json\/wp\/v2\/types\/post"}],"author":[{"embeddable":true,"href":"https:\/\/rcomanche.com\/de\/wp-json\/wp\/v2\/users\/6"}],"replies":[{"embeddable":true,"href":"https:\/\/rcomanche.com\/de\/wp-json\/wp\/v2\/comments?post=7443"}],"version-history":[{"count":0,"href":"https:\/\/rcomanche.com\/de\/wp-json\/wp\/v2\/posts\/7443\/revisions"}],"wp:featuredmedia":[{"embeddable":true,"href":"https:\/\/rcomanche.com\/de\/wp-json\/wp\/v2\/media\/7444"}],"wp:attachment":[{"href":"https:\/\/rcomanche.com\/de\/wp-json\/wp\/v2\/media?parent=7443"}],"wp:term":[{"taxonomy":"category","embeddable":true,"href":"https:\/\/rcomanche.com\/de\/wp-json\/wp\/v2\/categories?post=7443"},{"taxonomy":"post_tag","embeddable":true,"href":"https:\/\/rcomanche.com\/de\/wp-json\/wp\/v2\/tags?post=7443"}],"curies":[{"name":"wp","href":"https:\/\/api.w.org\/{rel}","templated":true}]}}