{"id":5083,"date":"2016-05-17T09:41:08","date_gmt":"2016-05-17T08:41:08","guid":{"rendered":"http:\/\/rcomanche.com\/?p=3081"},"modified":"2019-09-20T15:31:14","modified_gmt":"2019-09-20T15:31:14","slug":"incendies-de-maig-de-vilafranca","status":"publish","type":"post","link":"https:\/\/rcomanche.com\/fr\/fires-de-maig-de-vilafranca\/","title":{"rendered":"Feux de Maig de Vilafranca"},"content":{"rendered":"<p>Le <a href=\"http:\/\/www.firesdemaig.cat\/\" target=\"_blank\" rel=\"noopener noreferrer\">Feux de Maig de Vilafranca del Pened\u00e8s<\/a>, du 20 au 22 mai, est la Foire la plus importante du Pened\u00e9s, et bien s\u00fbr, COMANCHE ne pouvait pas manquer.<\/p>\n<p>Du 20 au 22 mai vous retrouverez notre exposition de\u00a0<a href=\"http:\/\/rcomanche.com\/fr\/caravanes-de-camping\/\" target=\"_blank\" rel=\"noopener noreferrer\">caravanes de camping<\/a> et <a href=\"http:\/\/rcomanche.com\/fr\/remorques-de-fret-2\/\">remorques de fret<\/a>, venez choisir parmi nos offres sp\u00e9ciales Salon.<\/p>\n<p>Vous trouverez des remorques pour motos, cargo ou camping, et il y a s\u00fbrement la v\u00f4tre.<\/p>\n<p>Ne manquez pas ces trois jours de la plus grande Foire multisectorielle de la r\u00e9gion.<\/p>\n<p><a href=\"http:\/\/rcomanche.com\/wp-content\/uploads\/2016\/05\/Fires-de-Maig-2016.jpg\"><img fetchpriority=\"high\" decoding=\"async\" class=\"alignnone size-full wp-image-3082\" title=\"Feux de Maig 2016\" src=\"http:\/\/rcomanche.com\/wp-content\/uploads\/2016\/05\/Fires-de-Maig-2016.jpg\" alt=\"\" width=\"645\" height=\"903\" srcset=\"https:\/\/rcomanche.com\/wp-content\/uploads\/2016\/05\/Fires-de-Maig-2016.jpg 645w, https:\/\/rcomanche.com\/wp-content\/uploads\/2016\/05\/Fires-de-Maig-2016-214x300.jpg 214w\" sizes=\"(max-width: 645px) 100vw, 645px\" \/><\/a><\/p>\n<p>&nbsp;<\/p>","protected":false},"excerpt":{"rendered":"<p>Les Feux de Maig de Vilafranca del Pened\u00e8s, du 20 au 22 mai, est la foire la plus importante du Pened\u00e9s, et bien s\u00fbr, COMANCHE ne pouvait pas manquer. Du 20 au 22 mai vous retrouverez notre exposition de camping-cars et de caravanes cargo, venez\u2026<\/p>","protected":false},"author":2,"featured_media":0,"comment_status":"closed","ping_status":"closed","sticky":false,"template":"","format":"standard","meta":{"footnotes":""},"categories":[24,25,53,26],"tags":[],"class_list":["post-5083","post","type-post","status-publish","format-standard","hentry","category-remolques-camping","category-remolques-carga","category-remolques-especiales","category-remolques-moto"],"_links":{"self":[{"href":"https:\/\/rcomanche.com\/fr\/wp-json\/wp\/v2\/posts\/5083","targetHints":{"allow":["GET"]}}],"collection":[{"href":"https:\/\/rcomanche.com\/fr\/wp-json\/wp\/v2\/posts"}],"about":[{"href":"https:\/\/rcomanche.com\/fr\/wp-json\/wp\/v2\/types\/post"}],"author":[{"embeddable":true,"href":"https:\/\/rcomanche.com\/fr\/wp-json\/wp\/v2\/users\/2"}],"replies":[{"embeddable":true,"href":"https:\/\/rcomanche.com\/fr\/wp-json\/wp\/v2\/comments?post=5083"}],"version-history":[{"count":0,"href":"https:\/\/rcomanche.com\/fr\/wp-json\/wp\/v2\/posts\/5083\/revisions"}],"wp:attachment":[{"href":"https:\/\/rcomanche.com\/fr\/wp-json\/wp\/v2\/media?parent=5083"}],"wp:term":[{"taxonomy":"category","embeddable":true,"href":"https:\/\/rcomanche.com\/fr\/wp-json\/wp\/v2\/categories?post=5083"},{"taxonomy":"post_tag","embeddable":true,"href":"https:\/\/rcomanche.com\/fr\/wp-json\/wp\/v2\/tags?post=5083"}],"curies":[{"name":"wp","href":"https:\/\/api.w.org\/{rel}","templated":true}]}}