{"id":7180,"date":"2019-02-01T14:34:02","date_gmt":"2019-02-01T14:34:02","guid":{"rendered":"http:\/\/rcomanche.com\/?p=7180"},"modified":"2019-09-20T14:47:04","modified_gmt":"2019-09-20T14:47:04","slug":"caravaning-alicante-2019","status":"publish","type":"post","link":"https:\/\/rcomanche.com\/fr\/caravaning-alicante-2019\/","title":{"rendered":"Salon du caravaning d&#039;Alicante f\u00e9vrier 2019"},"content":{"rendered":"<p>&nbsp;<\/p>\n<p><img fetchpriority=\"high\" decoding=\"async\" class=\"size-medium wp-image-7181 alignleft\" src=\"http:\/\/rcomanche.com\/wp-content\/uploads\/2019\/02\/Alacant_caravaning2019-206x300.jpg\" alt=\"\" width=\"206\" height=\"300\" srcset=\"https:\/\/rcomanche.com\/wp-content\/uploads\/2019\/02\/Alacant_caravaning2019-206x300.jpg 206w, https:\/\/rcomanche.com\/wp-content\/uploads\/2019\/02\/Alacant_caravaning2019-768x1121.jpg 768w, https:\/\/rcomanche.com\/wp-content\/uploads\/2019\/02\/Alacant_caravaning2019-702x1024.jpg 702w, https:\/\/rcomanche.com\/wp-content\/uploads\/2019\/02\/Alacant_caravaning2019.jpg 980w\" sizes=\"(max-width: 206px) 100vw, 206px\" \/><\/p>\n<p>Nous sommes pr\u00eats pour la nouvelle \u00e9dition du <a href=\"http:\/\/www.caravaning-alicante.es\/\" target=\"_blank\" rel=\"noopener\">Alicante Caravaning<\/a>.<\/p>\n<p>Celui-ci aura lieu au parc des expositions d&#039;Alicante, les week-ends du 8 au 10 et du 15 au 17 f\u00e9vrier.<\/p>\n<p>Dans cette \u00e9dition, nous vous pr\u00e9senterons le nouvel Explorer EVO, ainsi que la cuisine la plus compl\u00e8te pour le camping.<\/p>\n<p>Vous pouvez \u00e9galement d\u00e9couvrir la nouvelle version grise de la gamme Explorer, et profiter d&#039;offres exceptionnelles.<\/p>\n<p>Durant ces journ\u00e9es vous pourrez voir la gamme Montana, le Compact et le mod\u00e8le Kenya<\/p>\n<p>COMANCHE vous attend au \u00ab Finde \u00bb \u00e0 Alicante.<\/p>\n<p>&nbsp;<\/p>","protected":false},"excerpt":{"rendered":"<p>&nbsp; Nous sommes maintenant pr\u00eats pour la nouvelle \u00e9dition de l&#039;Alicante Caravaning. Celui-ci aura lieu au parc des expositions d&#039;Alicante, les week-ends du 8 au 10 et du 15 au 17 f\u00e9vrier. Dans cette \u00e9dition, nous vous pr\u00e9senterons le nouvel Explorer EVO,\u2026<\/p>","protected":false},"author":2,"featured_media":7181,"comment_status":"open","ping_status":"open","sticky":false,"template":"","format":"standard","meta":{"footnotes":""},"categories":[24,25,26],"tags":[],"class_list":["post-7180","post","type-post","status-publish","format-standard","has-post-thumbnail","hentry","category-remolques-camping","category-remolques-carga","category-remolques-moto"],"_links":{"self":[{"href":"https:\/\/rcomanche.com\/fr\/wp-json\/wp\/v2\/posts\/7180","targetHints":{"allow":["GET"]}}],"collection":[{"href":"https:\/\/rcomanche.com\/fr\/wp-json\/wp\/v2\/posts"}],"about":[{"href":"https:\/\/rcomanche.com\/fr\/wp-json\/wp\/v2\/types\/post"}],"author":[{"embeddable":true,"href":"https:\/\/rcomanche.com\/fr\/wp-json\/wp\/v2\/users\/2"}],"replies":[{"embeddable":true,"href":"https:\/\/rcomanche.com\/fr\/wp-json\/wp\/v2\/comments?post=7180"}],"version-history":[{"count":0,"href":"https:\/\/rcomanche.com\/fr\/wp-json\/wp\/v2\/posts\/7180\/revisions"}],"wp:featuredmedia":[{"embeddable":true,"href":"https:\/\/rcomanche.com\/fr\/wp-json\/wp\/v2\/media\/7181"}],"wp:attachment":[{"href":"https:\/\/rcomanche.com\/fr\/wp-json\/wp\/v2\/media?parent=7180"}],"wp:term":[{"taxonomy":"category","embeddable":true,"href":"https:\/\/rcomanche.com\/fr\/wp-json\/wp\/v2\/categories?post=7180"},{"taxonomy":"post_tag","embeddable":true,"href":"https:\/\/rcomanche.com\/fr\/wp-json\/wp\/v2\/tags?post=7180"}],"curies":[{"name":"wp","href":"https:\/\/api.w.org\/{rel}","templated":true}]}}